{"id":1624,"date":"2022-10-20T08:39:33","date_gmt":"2022-10-20T07:39:33","guid":{"rendered":"https:\/\/www.lbi.fr\/?p=1624"},"modified":"2022-10-20T08:39:33","modified_gmt":"2022-10-20T07:39:33","slug":"lbi-stellt-sich-auf-den-champs-elysees-vor","status":"publish","type":"post","link":"https:\/\/www.lbi.fr\/de\/non-classe\/lbi-stellt-sich-auf-den-champs-elysees-vor\/","title":{"rendered":"LBI stellt sich auf den Champs-Elys\u00e9es vor"},"content":{"rendered":"<p>Die Font\u00e4nen am Kreisverkehr der Champs-\u00c9lys\u00e9es standen mehr als zwanzig Jahre lang still und wurden nun wieder zum Leben erweckt. Die Designer Ronan und Erwan Bouroullec entwarfen f\u00fcr den ber\u00fchmten Kreisverkehr eine spektakul\u00e4re und poetische Kreation, die Wasser, Licht und Bewegung miteinander verbindet. Nach drei Jahren Arbeit, von den ersten Skizzen bis zu den Tests in Originalgr\u00f6\u00dfe, wurden die neuen Fontaines des Champs-\u00c9lys\u00e9es nun an ihren jeweiligen Standorten installiert.<\/p>\n<p>Diese Restaurierung wurde durch eine starke kreative Geste von Ronan und Erwan Bouroullec und eine echte technische Meisterleistung erg\u00e4nzt, die durch das Engagement von 35 Werkst\u00e4tten und Unternehmen erm\u00f6glicht wurde, um eine Realisierung zu erreichen, die dem Platz, den die Champs-\u00c9lys\u00e9es in der Pariser Landschaft des Kulturerbes, der \u00c4sthetik und der Emotionen einnehmen, gerecht wird.<\/p>\n<p>Ronan und Erwan Bouroullec haben sechs Strukturen entworfen, die aus einem 13 Meter hohen zentralen Bronzemast bestehen, an dem sich abgeschr\u00e4gte Arme befinden, die eine Reihe von Lichtgliedern aus Kristall tragen, entlang denen das Wasser bis zu den Becken flie\u00dft. Das Ganze dreht sich in einem sehr sanften Rhythmus um sich selbst, der dem Gang der umliegenden Fu\u00dfg\u00e4nger \u00e4hnelt, und glitzert wie eine bewegte Leuchte, die von Wasserspielen begleitet wird.<\/p>\n<p>&#8222;<em>Bei dieser Kreation mussten wir das richtige Gleichgewicht zwischen Monumentalit\u00e4t und Leichtigkeit finden, um mit der Stadtlandschaft zu verschmelzen, die Perspektive zwischen dem Place de la Concorde und dem Place de l&#8217;Etoile so sanft wie m\u00f6glich zu betonen und den \u00dcbergang von der Ruhe der G\u00e4rten zum pulsierenden Leben der Avenue des Champs-\u00c9lys\u00e9es subtil zu markieren. Unser gr\u00f6\u00dfter Wunsch bei diesem Projekt war es, im Herzen der Stadtlandschaft, an einem offenen und beliebten Ort, eine Kreation von hohem \u00e4sthetischem und technischem Anspruch anzubieten. Es ist eine gro\u00dfe Freude, ein einzigartiges Kollektiv von Fachleuten und exzellenten Berufen, von Arbeitern bis zu Ingenieuren, im Dienste einer Kreation vereint zu haben, die nun allen geh\u00f6rt<\/em>&#8222;, erkl\u00e4rten Ronan und Erwan Bouroullec anl\u00e4sslich der Pr\u00e4sentation der neuen Brunnen.<\/p>\n<p>Insgesamt waren vierzig Unternehmen und mehr als 250 Personen an der Konzeption und Realisierung der Brunnen beteiligt, die wahre technologische Kleinode sind, die den komplexesten Teilen der Flugzeug- oder Uhrenindustrie w\u00fcrdig sind.<\/p>\n<p>Dieses ehrgeizige Projekt, das einen Meilenstein in der Entwicklung der Pariser Stadtlandschaft zu werden verspricht, zeigt das Engagement von Paris, damit die Champs-\u00c9lys\u00e9es einer der symbolischen Orte ihrer Attraktivit\u00e4t und ihres Einflusses erhalten bleibt.<\/p>\n<p>LBI und seine Mitarbeiter sind sehr stolz darauf, am Bau dieser Brunnen beteiligt gewesen zu sein, indem sie s\u00e4mtliche Maste, eine Zusammenstellung von Hohlrohren aus Mehrstoffaluminiumbronze (Aluminium Bronze oder CuAl-Legierung), die im Schleudergussverfahren am Standort Amn\u00e9ville hergestellt werden, geliefert haben. Neben dem Gie\u00dfen der Rohre f\u00fchrte LBI auch deren Bearbeitung und die komplette Montage durch.<\/p>\n<p>Wenn Sie Pl\u00e4ne f\u00fcr monumentale Kunstskulpturen haben, teilen Sie uns Ihre W\u00fcnsche und Bed\u00fcrfnisse mit, unsere Teams werden Sie gerne beraten.<\/p>\n","protected":false},"excerpt":{"rendered":"<p>Die Font\u00e4nen am Kreisverkehr der Champs-\u00c9lys\u00e9es standen mehr als zwanzig Jahre lang still und wurden nun wieder zum Leben erweckt. Die Designer Ronan und Erwan Bouroullec haben f\u00fcr den ber\u00fchmten Kreisverkehr eine spektakul\u00e4re und zugleich poetische Kreation entworfen. LBI und seine Mitarbeiter sind sehr stolz darauf, am Bau dieser Font\u00e4nen beteiligt gewesen zu sein&#8230;<\/p>\n","protected":false},"author":4,"featured_media":1189,"comment_status":"closed","ping_status":"closed","sticky":false,"template":"","format":"standard","meta":{"_acf_changed":false,"footnotes":""},"categories":[1],"tags":[33],"class_list":["post-1624","post","type-post","status-publish","format-standard","has-post-thumbnail","hentry","category-non-classe","tag-veranstaltungen"],"acf":[],"yoast_head":"<!-- This site is optimized with the Yoast SEO plugin v26.8 - https:\/\/yoast.com\/product\/yoast-seo-wordpress\/ -->\n<title>LBI stellt sich auf den Champs-Elys\u00e9es vor - Les Bronzes d&#039;Industrie<\/title>\n<meta name=\"robots\" content=\"index, follow, max-snippet:-1, max-image-preview:large, max-video-preview:-1\" \/>\n<link rel=\"canonical\" href=\"https:\/\/www.lbi.fr\/de\/non-classe\/lbi-stellt-sich-auf-den-champs-elysees-vor\/\" \/>\n<meta property=\"og:locale\" content=\"de_DE\" \/>\n<meta property=\"og:type\" content=\"article\" \/>\n<meta property=\"og:title\" content=\"LBI stellt sich auf den Champs-Elys\u00e9es vor - Les Bronzes d&#039;Industrie\" \/>\n<meta property=\"og:description\" content=\"Die Font\u00e4nen am Kreisverkehr der Champs-\u00c9lys\u00e9es standen mehr als zwanzig Jahre lang still und wurden nun wieder zum Leben erweckt. Die Designer Ronan und Erwan Bouroullec haben f\u00fcr den ber\u00fchmten Kreisverkehr eine spektakul\u00e4re und zugleich poetische Kreation entworfen. LBI und seine Mitarbeiter sind sehr stolz darauf, am Bau dieser Font\u00e4nen beteiligt gewesen zu sein...\" \/>\n<meta property=\"og:url\" content=\"https:\/\/www.lbi.fr\/de\/non-classe\/lbi-stellt-sich-auf-den-champs-elysees-vor\/\" \/>\n<meta property=\"og:site_name\" content=\"Les Bronzes d&#039;Industrie\" \/>\n<meta property=\"article:published_time\" content=\"2022-10-20T07:39:33+00:00\" \/>\n<meta property=\"og:image\" content=\"https:\/\/www.lbi.fr\/wp-content\/uploads\/LBI-Fonderie-dart-Galleries-photos-10.jpg\" \/>\n\t<meta property=\"og:image:width\" content=\"1440\" \/>\n\t<meta property=\"og:image:height\" content=\"960\" \/>\n\t<meta property=\"og:image:type\" content=\"image\/jpeg\" \/>\n<meta name=\"author\" content=\"Les Bronzes d&#039;Industrie\" \/>\n<meta name=\"twitter:card\" content=\"summary_large_image\" \/>\n<meta name=\"twitter:label1\" content=\"Verfasst von\" \/>\n\t<meta name=\"twitter:data1\" content=\"Les Bronzes d&#039;Industrie\" \/>\n\t<meta name=\"twitter:label2\" content=\"Gesch\u00e4tzte Lesezeit\" \/>\n\t<meta name=\"twitter:data2\" content=\"3\u00a0Minuten\" \/>\n<script type=\"application\/ld+json\" class=\"yoast-schema-graph\">{\"@context\":\"https:\/\/schema.org\",\"@graph\":[{\"@type\":\"Article\",\"@id\":\"https:\/\/www.lbi.fr\/de\/non-classe\/lbi-stellt-sich-auf-den-champs-elysees-vor\/#article\",\"isPartOf\":{\"@id\":\"https:\/\/www.lbi.fr\/de\/non-classe\/lbi-stellt-sich-auf-den-champs-elysees-vor\/\"},\"author\":{\"name\":\"Les Bronzes d'Industrie\",\"@id\":\"https:\/\/www.lbi.fr\/de\/#\/schema\/person\/c62dc31633e322f00ea20396af91dea3\"},\"headline\":\"LBI stellt sich auf den Champs-Elys\u00e9es vor\",\"datePublished\":\"2022-10-20T07:39:33+00:00\",\"mainEntityOfPage\":{\"@id\":\"https:\/\/www.lbi.fr\/de\/non-classe\/lbi-stellt-sich-auf-den-champs-elysees-vor\/\"},\"wordCount\":506,\"publisher\":{\"@id\":\"https:\/\/www.lbi.fr\/de\/#organization\"},\"image\":{\"@id\":\"https:\/\/www.lbi.fr\/de\/non-classe\/lbi-stellt-sich-auf-den-champs-elysees-vor\/#primaryimage\"},\"thumbnailUrl\":\"https:\/\/www.lbi.fr\/wp-content\/uploads\/LBI-Fonderie-dart-Galleries-photos-10.jpg\",\"keywords\":[\"Veranstaltungen\"],\"articleSection\":[\"Non class\u00e9\"],\"inLanguage\":\"de\"},{\"@type\":\"WebPage\",\"@id\":\"https:\/\/www.lbi.fr\/de\/non-classe\/lbi-stellt-sich-auf-den-champs-elysees-vor\/\",\"url\":\"https:\/\/www.lbi.fr\/de\/non-classe\/lbi-stellt-sich-auf-den-champs-elysees-vor\/\",\"name\":\"LBI stellt sich auf den Champs-Elys\u00e9es vor - Les Bronzes d&#039;Industrie\",\"isPartOf\":{\"@id\":\"https:\/\/www.lbi.fr\/de\/#website\"},\"primaryImageOfPage\":{\"@id\":\"https:\/\/www.lbi.fr\/de\/non-classe\/lbi-stellt-sich-auf-den-champs-elysees-vor\/#primaryimage\"},\"image\":{\"@id\":\"https:\/\/www.lbi.fr\/de\/non-classe\/lbi-stellt-sich-auf-den-champs-elysees-vor\/#primaryimage\"},\"thumbnailUrl\":\"https:\/\/www.lbi.fr\/wp-content\/uploads\/LBI-Fonderie-dart-Galleries-photos-10.jpg\",\"datePublished\":\"2022-10-20T07:39:33+00:00\",\"breadcrumb\":{\"@id\":\"https:\/\/www.lbi.fr\/de\/non-classe\/lbi-stellt-sich-auf-den-champs-elysees-vor\/#breadcrumb\"},\"inLanguage\":\"de\",\"potentialAction\":[{\"@type\":\"ReadAction\",\"target\":[\"https:\/\/www.lbi.fr\/de\/non-classe\/lbi-stellt-sich-auf-den-champs-elysees-vor\/\"]}]},{\"@type\":\"ImageObject\",\"inLanguage\":\"de\",\"@id\":\"https:\/\/www.lbi.fr\/de\/non-classe\/lbi-stellt-sich-auf-den-champs-elysees-vor\/#primaryimage\",\"url\":\"https:\/\/www.lbi.fr\/wp-content\/uploads\/LBI-Fonderie-dart-Galleries-photos-10.jpg\",\"contentUrl\":\"https:\/\/www.lbi.fr\/wp-content\/uploads\/LBI-Fonderie-dart-Galleries-photos-10.jpg\",\"width\":1440,\"height\":960,\"caption\":\"Les Bronzes d'Industrie - Kunstgie\u00dferei - Champs-Elys\u00e9es-Brunnen, Ronan & Erwan Bouroullec, Paris\"},{\"@type\":\"BreadcrumbList\",\"@id\":\"https:\/\/www.lbi.fr\/de\/non-classe\/lbi-stellt-sich-auf-den-champs-elysees-vor\/#breadcrumb\",\"itemListElement\":[{\"@type\":\"ListItem\",\"position\":1,\"name\":\"Accueil\",\"item\":\"https:\/\/www.lbi.fr\/de\/\"},{\"@type\":\"ListItem\",\"position\":2,\"name\":\"LBI stellt sich auf den Champs-Elys\u00e9es vor\"}]},{\"@type\":\"WebSite\",\"@id\":\"https:\/\/www.lbi.fr\/de\/#website\",\"url\":\"https:\/\/www.lbi.fr\/de\/\",\"name\":\"Les Bronzes d&#039;Industrie\",\"description\":\"\",\"publisher\":{\"@id\":\"https:\/\/www.lbi.fr\/de\/#organization\"},\"potentialAction\":[{\"@type\":\"SearchAction\",\"target\":{\"@type\":\"EntryPoint\",\"urlTemplate\":\"https:\/\/www.lbi.fr\/de\/?s={search_term_string}\"},\"query-input\":{\"@type\":\"PropertyValueSpecification\",\"valueRequired\":true,\"valueName\":\"search_term_string\"}}],\"inLanguage\":\"de\"},{\"@type\":\"Organization\",\"@id\":\"https:\/\/www.lbi.fr\/de\/#organization\",\"name\":\"Les Bronzes d'Industrie\",\"url\":\"https:\/\/www.lbi.fr\/de\/\",\"logo\":{\"@type\":\"ImageObject\",\"inLanguage\":\"de\",\"@id\":\"https:\/\/www.lbi.fr\/de\/#\/schema\/logo\/image\/\",\"url\":\"https:\/\/www.lbi.fr\/wp-content\/uploads\/LBI-Logo-RVB.png\",\"contentUrl\":\"https:\/\/www.lbi.fr\/wp-content\/uploads\/LBI-Logo-RVB.png\",\"width\":800,\"height\":600,\"caption\":\"Les Bronzes d'Industrie\"},\"image\":{\"@id\":\"https:\/\/www.lbi.fr\/de\/#\/schema\/logo\/image\/\"},\"sameAs\":[\"https:\/\/www.linkedin.com\/company\/lbi-lesbronzesd'industrie\/\"]},{\"@type\":\"Person\",\"@id\":\"https:\/\/www.lbi.fr\/de\/#\/schema\/person\/c62dc31633e322f00ea20396af91dea3\",\"name\":\"Les Bronzes d'Industrie\"}]}<\/script>\n<!-- \/ Yoast SEO plugin. -->","yoast_head_json":{"title":"LBI stellt sich auf den Champs-Elys\u00e9es vor - Les Bronzes d&#039;Industrie","robots":{"index":"index","follow":"follow","max-snippet":"max-snippet:-1","max-image-preview":"max-image-preview:large","max-video-preview":"max-video-preview:-1"},"canonical":"https:\/\/www.lbi.fr\/de\/non-classe\/lbi-stellt-sich-auf-den-champs-elysees-vor\/","og_locale":"de_DE","og_type":"article","og_title":"LBI stellt sich auf den Champs-Elys\u00e9es vor - Les Bronzes d&#039;Industrie","og_description":"Die Font\u00e4nen am Kreisverkehr der Champs-\u00c9lys\u00e9es standen mehr als zwanzig Jahre lang still und wurden nun wieder zum Leben erweckt. Die Designer Ronan und Erwan Bouroullec haben f\u00fcr den ber\u00fchmten Kreisverkehr eine spektakul\u00e4re und zugleich poetische Kreation entworfen. LBI und seine Mitarbeiter sind sehr stolz darauf, am Bau dieser Font\u00e4nen beteiligt gewesen zu sein...","og_url":"https:\/\/www.lbi.fr\/de\/non-classe\/lbi-stellt-sich-auf-den-champs-elysees-vor\/","og_site_name":"Les Bronzes d&#039;Industrie","article_published_time":"2022-10-20T07:39:33+00:00","og_image":[{"width":1440,"height":960,"url":"https:\/\/www.lbi.fr\/wp-content\/uploads\/LBI-Fonderie-dart-Galleries-photos-10.jpg","type":"image\/jpeg"}],"author":"Les Bronzes d'Industrie","twitter_card":"summary_large_image","twitter_misc":{"Verfasst von":"Les Bronzes d'Industrie","Gesch\u00e4tzte Lesezeit":"3\u00a0Minuten"},"schema":{"@context":"https:\/\/schema.org","@graph":[{"@type":"Article","@id":"https:\/\/www.lbi.fr\/de\/non-classe\/lbi-stellt-sich-auf-den-champs-elysees-vor\/#article","isPartOf":{"@id":"https:\/\/www.lbi.fr\/de\/non-classe\/lbi-stellt-sich-auf-den-champs-elysees-vor\/"},"author":{"name":"Les Bronzes d'Industrie","@id":"https:\/\/www.lbi.fr\/de\/#\/schema\/person\/c62dc31633e322f00ea20396af91dea3"},"headline":"LBI stellt sich auf den Champs-Elys\u00e9es vor","datePublished":"2022-10-20T07:39:33+00:00","mainEntityOfPage":{"@id":"https:\/\/www.lbi.fr\/de\/non-classe\/lbi-stellt-sich-auf-den-champs-elysees-vor\/"},"wordCount":506,"publisher":{"@id":"https:\/\/www.lbi.fr\/de\/#organization"},"image":{"@id":"https:\/\/www.lbi.fr\/de\/non-classe\/lbi-stellt-sich-auf-den-champs-elysees-vor\/#primaryimage"},"thumbnailUrl":"https:\/\/www.lbi.fr\/wp-content\/uploads\/LBI-Fonderie-dart-Galleries-photos-10.jpg","keywords":["Veranstaltungen"],"articleSection":["Non class\u00e9"],"inLanguage":"de"},{"@type":"WebPage","@id":"https:\/\/www.lbi.fr\/de\/non-classe\/lbi-stellt-sich-auf-den-champs-elysees-vor\/","url":"https:\/\/www.lbi.fr\/de\/non-classe\/lbi-stellt-sich-auf-den-champs-elysees-vor\/","name":"LBI stellt sich auf den Champs-Elys\u00e9es vor - Les Bronzes d&#039;Industrie","isPartOf":{"@id":"https:\/\/www.lbi.fr\/de\/#website"},"primaryImageOfPage":{"@id":"https:\/\/www.lbi.fr\/de\/non-classe\/lbi-stellt-sich-auf-den-champs-elysees-vor\/#primaryimage"},"image":{"@id":"https:\/\/www.lbi.fr\/de\/non-classe\/lbi-stellt-sich-auf-den-champs-elysees-vor\/#primaryimage"},"thumbnailUrl":"https:\/\/www.lbi.fr\/wp-content\/uploads\/LBI-Fonderie-dart-Galleries-photos-10.jpg","datePublished":"2022-10-20T07:39:33+00:00","breadcrumb":{"@id":"https:\/\/www.lbi.fr\/de\/non-classe\/lbi-stellt-sich-auf-den-champs-elysees-vor\/#breadcrumb"},"inLanguage":"de","potentialAction":[{"@type":"ReadAction","target":["https:\/\/www.lbi.fr\/de\/non-classe\/lbi-stellt-sich-auf-den-champs-elysees-vor\/"]}]},{"@type":"ImageObject","inLanguage":"de","@id":"https:\/\/www.lbi.fr\/de\/non-classe\/lbi-stellt-sich-auf-den-champs-elysees-vor\/#primaryimage","url":"https:\/\/www.lbi.fr\/wp-content\/uploads\/LBI-Fonderie-dart-Galleries-photos-10.jpg","contentUrl":"https:\/\/www.lbi.fr\/wp-content\/uploads\/LBI-Fonderie-dart-Galleries-photos-10.jpg","width":1440,"height":960,"caption":"Les Bronzes d'Industrie - Kunstgie\u00dferei - Champs-Elys\u00e9es-Brunnen, Ronan & Erwan Bouroullec, Paris"},{"@type":"BreadcrumbList","@id":"https:\/\/www.lbi.fr\/de\/non-classe\/lbi-stellt-sich-auf-den-champs-elysees-vor\/#breadcrumb","itemListElement":[{"@type":"ListItem","position":1,"name":"Accueil","item":"https:\/\/www.lbi.fr\/de\/"},{"@type":"ListItem","position":2,"name":"LBI stellt sich auf den Champs-Elys\u00e9es vor"}]},{"@type":"WebSite","@id":"https:\/\/www.lbi.fr\/de\/#website","url":"https:\/\/www.lbi.fr\/de\/","name":"Les Bronzes d&#039;Industrie","description":"","publisher":{"@id":"https:\/\/www.lbi.fr\/de\/#organization"},"potentialAction":[{"@type":"SearchAction","target":{"@type":"EntryPoint","urlTemplate":"https:\/\/www.lbi.fr\/de\/?s={search_term_string}"},"query-input":{"@type":"PropertyValueSpecification","valueRequired":true,"valueName":"search_term_string"}}],"inLanguage":"de"},{"@type":"Organization","@id":"https:\/\/www.lbi.fr\/de\/#organization","name":"Les Bronzes d'Industrie","url":"https:\/\/www.lbi.fr\/de\/","logo":{"@type":"ImageObject","inLanguage":"de","@id":"https:\/\/www.lbi.fr\/de\/#\/schema\/logo\/image\/","url":"https:\/\/www.lbi.fr\/wp-content\/uploads\/LBI-Logo-RVB.png","contentUrl":"https:\/\/www.lbi.fr\/wp-content\/uploads\/LBI-Logo-RVB.png","width":800,"height":600,"caption":"Les Bronzes d'Industrie"},"image":{"@id":"https:\/\/www.lbi.fr\/de\/#\/schema\/logo\/image\/"},"sameAs":["https:\/\/www.linkedin.com\/company\/lbi-lesbronzesd'industrie\/"]},{"@type":"Person","@id":"https:\/\/www.lbi.fr\/de\/#\/schema\/person\/c62dc31633e322f00ea20396af91dea3","name":"Les Bronzes d'Industrie"}]}},"_links":{"self":[{"href":"https:\/\/www.lbi.fr\/de\/wp-json\/wp\/v2\/posts\/1624","targetHints":{"allow":["GET"]}}],"collection":[{"href":"https:\/\/www.lbi.fr\/de\/wp-json\/wp\/v2\/posts"}],"about":[{"href":"https:\/\/www.lbi.fr\/de\/wp-json\/wp\/v2\/types\/post"}],"author":[{"embeddable":true,"href":"https:\/\/www.lbi.fr\/de\/wp-json\/wp\/v2\/users\/4"}],"replies":[{"embeddable":true,"href":"https:\/\/www.lbi.fr\/de\/wp-json\/wp\/v2\/comments?post=1624"}],"version-history":[{"count":0,"href":"https:\/\/www.lbi.fr\/de\/wp-json\/wp\/v2\/posts\/1624\/revisions"}],"wp:featuredmedia":[{"embeddable":true,"href":"https:\/\/www.lbi.fr\/de\/wp-json\/wp\/v2\/media\/1189"}],"wp:attachment":[{"href":"https:\/\/www.lbi.fr\/de\/wp-json\/wp\/v2\/media?parent=1624"}],"wp:term":[{"taxonomy":"category","embeddable":true,"href":"https:\/\/www.lbi.fr\/de\/wp-json\/wp\/v2\/categories?post=1624"},{"taxonomy":"post_tag","embeddable":true,"href":"https:\/\/www.lbi.fr\/de\/wp-json\/wp\/v2\/tags?post=1624"}],"curies":[{"name":"wp","href":"https:\/\/api.w.org\/{rel}","templated":true}]}}